{"id":20330,"date":"2023-10-16T20:52:47","date_gmt":"2023-10-16T18:52:47","guid":{"rendered":"https:\/\/blog.blackandwhiteandcolours.de\/?p=20330"},"modified":"2023-10-16T20:52:47","modified_gmt":"2023-10-16T18:52:47","slug":"je-ne-trouvai-rien-a-repondre","status":"publish","type":"post","link":"https:\/\/blog.blackandwhiteandcolours.de\/?p=20330","title":{"rendered":"Je ne trouvai rien \u00e0 r\u00e9pondre."},"content":{"rendered":"<p>&#8220;Je ne trouvai rien \u00e0 r\u00e9pondre.&#8221; &#8211; <em>Bonjour tristesse<\/em> by Fran\u00e7oise Sagan<\/p>\n","protected":false},"excerpt":{"rendered":"<p>&#8220;Je ne trouvai rien \u00e0 r\u00e9pondre.&#8221; &#8211; Bonjour tristesse by Fran\u00e7oise Sagan<\/p>\n","protected":false},"author":1,"featured_media":20331,"comment_status":"open","ping_status":"open","sticky":false,"template":"","format":"standard","meta":{"footnotes":""},"categories":[1],"tags":[13,39,320,126,42,30],"class_list":["post-20330","post","type-post","status-publish","format-standard","has-post-thumbnail","hentry","category-allgemein","tag-bw","tag-france","tag-francoise_sagan","tag-sculpture","tag-streetart","tag-urban"],"_links":{"self":[{"href":"https:\/\/blog.blackandwhiteandcolours.de\/index.php?rest_route=\/wp\/v2\/posts\/20330","targetHints":{"allow":["GET"]}}],"collection":[{"href":"https:\/\/blog.blackandwhiteandcolours.de\/index.php?rest_route=\/wp\/v2\/posts"}],"about":[{"href":"https:\/\/blog.blackandwhiteandcolours.de\/index.php?rest_route=\/wp\/v2\/types\/post"}],"author":[{"embeddable":true,"href":"https:\/\/blog.blackandwhiteandcolours.de\/index.php?rest_route=\/wp\/v2\/users\/1"}],"replies":[{"embeddable":true,"href":"https:\/\/blog.blackandwhiteandcolours.de\/index.php?rest_route=%2Fwp%2Fv2%2Fcomments&post=20330"}],"version-history":[{"count":1,"href":"https:\/\/blog.blackandwhiteandcolours.de\/index.php?rest_route=\/wp\/v2\/posts\/20330\/revisions"}],"predecessor-version":[{"id":20332,"href":"https:\/\/blog.blackandwhiteandcolours.de\/index.php?rest_route=\/wp\/v2\/posts\/20330\/revisions\/20332"}],"wp:featuredmedia":[{"embeddable":true,"href":"https:\/\/blog.blackandwhiteandcolours.de\/index.php?rest_route=\/wp\/v2\/media\/20331"}],"wp:attachment":[{"href":"https:\/\/blog.blackandwhiteandcolours.de\/index.php?rest_route=%2Fwp%2Fv2%2Fmedia&parent=20330"}],"wp:term":[{"taxonomy":"category","embeddable":true,"href":"https:\/\/blog.blackandwhiteandcolours.de\/index.php?rest_route=%2Fwp%2Fv2%2Fcategories&post=20330"},{"taxonomy":"post_tag","embeddable":true,"href":"https:\/\/blog.blackandwhiteandcolours.de\/index.php?rest_route=%2Fwp%2Fv2%2Ftags&post=20330"}],"curies":[{"name":"wp","href":"https:\/\/api.w.org\/{rel}","templated":true}]}}