{"id":20504,"date":"2023-12-10T11:12:02","date_gmt":"2023-12-10T10:12:02","guid":{"rendered":"https:\/\/blog.blackandwhiteandcolours.de\/?p=20504"},"modified":"2023-12-10T11:12:02","modified_gmt":"2023-12-10T10:12:02","slug":"nous-devons-feter-ca","status":"publish","type":"post","link":"https:\/\/blog.blackandwhiteandcolours.de\/?p=20504","title":{"rendered":"Nous devons f\u00eater \u00e7a."},"content":{"rendered":"<p>&#8220;Nous devons f\u00eater \u00e7a.&#8221; &#8211; <em>Bonjour tristesse<\/em> by Fran\u00e7oise Sagan<\/p>\n","protected":false},"excerpt":{"rendered":"<p>&#8220;Nous devons f\u00eater \u00e7a.&#8221; &#8211; Bonjour tristesse by Fran\u00e7oise Sagan<\/p>\n","protected":false},"author":1,"featured_media":20505,"comment_status":"open","ping_status":"open","sticky":false,"template":"","format":"standard","meta":{"footnotes":""},"categories":[1],"tags":[15,13,39,320,245,196],"class_list":["post-20504","post","type-post","status-publish","format-standard","has-post-thumbnail","hentry","category-allgemein","tag-animal","tag-bw","tag-france","tag-francoise_sagan","tag-sign","tag-words"],"_links":{"self":[{"href":"https:\/\/blog.blackandwhiteandcolours.de\/index.php?rest_route=\/wp\/v2\/posts\/20504","targetHints":{"allow":["GET"]}}],"collection":[{"href":"https:\/\/blog.blackandwhiteandcolours.de\/index.php?rest_route=\/wp\/v2\/posts"}],"about":[{"href":"https:\/\/blog.blackandwhiteandcolours.de\/index.php?rest_route=\/wp\/v2\/types\/post"}],"author":[{"embeddable":true,"href":"https:\/\/blog.blackandwhiteandcolours.de\/index.php?rest_route=\/wp\/v2\/users\/1"}],"replies":[{"embeddable":true,"href":"https:\/\/blog.blackandwhiteandcolours.de\/index.php?rest_route=%2Fwp%2Fv2%2Fcomments&post=20504"}],"version-history":[{"count":1,"href":"https:\/\/blog.blackandwhiteandcolours.de\/index.php?rest_route=\/wp\/v2\/posts\/20504\/revisions"}],"predecessor-version":[{"id":20506,"href":"https:\/\/blog.blackandwhiteandcolours.de\/index.php?rest_route=\/wp\/v2\/posts\/20504\/revisions\/20506"}],"wp:featuredmedia":[{"embeddable":true,"href":"https:\/\/blog.blackandwhiteandcolours.de\/index.php?rest_route=\/wp\/v2\/media\/20505"}],"wp:attachment":[{"href":"https:\/\/blog.blackandwhiteandcolours.de\/index.php?rest_route=%2Fwp%2Fv2%2Fmedia&parent=20504"}],"wp:term":[{"taxonomy":"category","embeddable":true,"href":"https:\/\/blog.blackandwhiteandcolours.de\/index.php?rest_route=%2Fwp%2Fv2%2Fcategories&post=20504"},{"taxonomy":"post_tag","embeddable":true,"href":"https:\/\/blog.blackandwhiteandcolours.de\/index.php?rest_route=%2Fwp%2Fv2%2Ftags&post=20504"}],"curies":[{"name":"wp","href":"https:\/\/api.w.org\/{rel}","templated":true}]}}