{"id":20520,"date":"2023-12-15T20:53:18","date_gmt":"2023-12-15T19:53:18","guid":{"rendered":"https:\/\/blog.blackandwhiteandcolours.de\/?p=20520"},"modified":"2023-12-15T20:53:18","modified_gmt":"2023-12-15T19:53:18","slug":"je-decidai-de-passer-la-matinee-ainsi-sans-bouger","status":"publish","type":"post","link":"https:\/\/blog.blackandwhiteandcolours.de\/?p=20520","title":{"rendered":"Je d\u00e9cidai de passer la matin\u00e9e ainsi, sans bouger."},"content":{"rendered":"<p>&#8220;Je d\u00e9cidai de passer la matin\u00e9e ainsi, sans bouger.&#8221; &#8211; <em>Bonjour tristesse<\/em> by Fran\u00e7oise Sagan<\/p>\n","protected":false},"excerpt":{"rendered":"<p>&#8220;Je d\u00e9cidai de passer la matin\u00e9e ainsi, sans bouger.&#8221; &#8211; Bonjour tristesse by Fran\u00e7oise Sagan<\/p>\n","protected":false},"author":1,"featured_media":20521,"comment_status":"open","ping_status":"open","sticky":false,"template":"","format":"standard","meta":{"footnotes":""},"categories":[1],"tags":[13,39,320,50,8,55],"class_list":["post-20520","post","type-post","status-publish","format-standard","has-post-thumbnail","hentry","category-allgemein","tag-bw","tag-france","tag-francoise_sagan","tag-sea","tag-sky","tag-stone"],"_links":{"self":[{"href":"https:\/\/blog.blackandwhiteandcolours.de\/index.php?rest_route=\/wp\/v2\/posts\/20520","targetHints":{"allow":["GET"]}}],"collection":[{"href":"https:\/\/blog.blackandwhiteandcolours.de\/index.php?rest_route=\/wp\/v2\/posts"}],"about":[{"href":"https:\/\/blog.blackandwhiteandcolours.de\/index.php?rest_route=\/wp\/v2\/types\/post"}],"author":[{"embeddable":true,"href":"https:\/\/blog.blackandwhiteandcolours.de\/index.php?rest_route=\/wp\/v2\/users\/1"}],"replies":[{"embeddable":true,"href":"https:\/\/blog.blackandwhiteandcolours.de\/index.php?rest_route=%2Fwp%2Fv2%2Fcomments&post=20520"}],"version-history":[{"count":1,"href":"https:\/\/blog.blackandwhiteandcolours.de\/index.php?rest_route=\/wp\/v2\/posts\/20520\/revisions"}],"predecessor-version":[{"id":20522,"href":"https:\/\/blog.blackandwhiteandcolours.de\/index.php?rest_route=\/wp\/v2\/posts\/20520\/revisions\/20522"}],"wp:featuredmedia":[{"embeddable":true,"href":"https:\/\/blog.blackandwhiteandcolours.de\/index.php?rest_route=\/wp\/v2\/media\/20521"}],"wp:attachment":[{"href":"https:\/\/blog.blackandwhiteandcolours.de\/index.php?rest_route=%2Fwp%2Fv2%2Fmedia&parent=20520"}],"wp:term":[{"taxonomy":"category","embeddable":true,"href":"https:\/\/blog.blackandwhiteandcolours.de\/index.php?rest_route=%2Fwp%2Fv2%2Fcategories&post=20520"},{"taxonomy":"post_tag","embeddable":true,"href":"https:\/\/blog.blackandwhiteandcolours.de\/index.php?rest_route=%2Fwp%2Fv2%2Ftags&post=20520"}],"curies":[{"name":"wp","href":"https:\/\/api.w.org\/{rel}","templated":true}]}}