{"id":21069,"date":"2024-06-10T20:21:05","date_gmt":"2024-06-10T18:21:05","guid":{"rendered":"https:\/\/blog.blackandwhiteandcolours.de\/?p=21069"},"modified":"2024-06-11T21:33:21","modified_gmt":"2024-06-11T19:33:21","slug":"tres-vite-dans-ma-vie-il-a-ete-trop-tard","status":"publish","type":"post","link":"https:\/\/blog.blackandwhiteandcolours.de\/?p=21069","title":{"rendered":"Tr\u00e8s vite dans ma vie il a \u00e9t\u00e9 trop tard."},"content":{"rendered":"<p>&#8220;Tr\u00e8s vite dans ma vie il a \u00e9t\u00e9 trop tard.&#8221; &#8211; <em>L&#8217;Amant<\/em> by Marguerite Duras<\/p>\n","protected":false},"excerpt":{"rendered":"<p>&#8220;Tr\u00e8s vite dans ma vie il a \u00e9t\u00e9 trop tard.&#8221; &#8211; L&#8217;Amant by Marguerite Duras<\/p>\n","protected":false},"author":1,"featured_media":21070,"comment_status":"open","ping_status":"open","sticky":false,"template":"","format":"standard","meta":{"footnotes":""},"categories":[1],"tags":[13,39,326,57],"class_list":["post-21069","post","type-post","status-publish","format-standard","has-post-thumbnail","hentry","category-allgemein","tag-bw","tag-france","tag-marguerite_duras","tag-metal"],"_links":{"self":[{"href":"https:\/\/blog.blackandwhiteandcolours.de\/index.php?rest_route=\/wp\/v2\/posts\/21069","targetHints":{"allow":["GET"]}}],"collection":[{"href":"https:\/\/blog.blackandwhiteandcolours.de\/index.php?rest_route=\/wp\/v2\/posts"}],"about":[{"href":"https:\/\/blog.blackandwhiteandcolours.de\/index.php?rest_route=\/wp\/v2\/types\/post"}],"author":[{"embeddable":true,"href":"https:\/\/blog.blackandwhiteandcolours.de\/index.php?rest_route=\/wp\/v2\/users\/1"}],"replies":[{"embeddable":true,"href":"https:\/\/blog.blackandwhiteandcolours.de\/index.php?rest_route=%2Fwp%2Fv2%2Fcomments&post=21069"}],"version-history":[{"count":1,"href":"https:\/\/blog.blackandwhiteandcolours.de\/index.php?rest_route=\/wp\/v2\/posts\/21069\/revisions"}],"predecessor-version":[{"id":21071,"href":"https:\/\/blog.blackandwhiteandcolours.de\/index.php?rest_route=\/wp\/v2\/posts\/21069\/revisions\/21071"}],"wp:featuredmedia":[{"embeddable":true,"href":"https:\/\/blog.blackandwhiteandcolours.de\/index.php?rest_route=\/wp\/v2\/media\/21070"}],"wp:attachment":[{"href":"https:\/\/blog.blackandwhiteandcolours.de\/index.php?rest_route=%2Fwp%2Fv2%2Fmedia&parent=21069"}],"wp:term":[{"taxonomy":"category","embeddable":true,"href":"https:\/\/blog.blackandwhiteandcolours.de\/index.php?rest_route=%2Fwp%2Fv2%2Fcategories&post=21069"},{"taxonomy":"post_tag","embeddable":true,"href":"https:\/\/blog.blackandwhiteandcolours.de\/index.php?rest_route=%2Fwp%2Fv2%2Ftags&post=21069"}],"curies":[{"name":"wp","href":"https:\/\/api.w.org\/{rel}","templated":true}]}}