{"id":22149,"date":"2025-08-06T21:36:24","date_gmt":"2025-08-06T19:36:24","guid":{"rendered":"https:\/\/blog.blackandwhiteandcolours.de\/?p=22149"},"modified":"2025-08-06T21:36:24","modified_gmt":"2025-08-06T19:36:24","slug":"en-y-reflechissant-bien-je-netais-pas-malheureux","status":"publish","type":"post","link":"https:\/\/blog.blackandwhiteandcolours.de\/?p=22149","title":{"rendered":"En y r\u00e9fl\u00e9chissant bien, je n\u2019\u00e9tais pas malheureux."},"content":{"rendered":"<p>&#8220;En y r\u00e9fl\u00e9chissant bien, je n\u2019\u00e9tais pas malheureux.&#8221; &#8211;  <em>L\u2019\u00c9tranger<\/em> by Albert Camus<\/p>\n","protected":false},"excerpt":{"rendered":"<p>&#8220;En y r\u00e9fl\u00e9chissant bien, je n\u2019\u00e9tais pas malheureux.&#8221; &#8211; L\u2019\u00c9tranger by Albert Camus<\/p>\n","protected":false},"author":1,"featured_media":22150,"comment_status":"open","ping_status":"open","sticky":false,"template":"","format":"standard","meta":{"footnotes":""},"categories":[1],"tags":[331,13,39,11,196],"class_list":["post-22149","post","type-post","status-publish","format-standard","has-post-thumbnail","hentry","category-allgemein","tag-albert_camus","tag-bw","tag-france","tag-window","tag-words"],"_links":{"self":[{"href":"https:\/\/blog.blackandwhiteandcolours.de\/index.php?rest_route=\/wp\/v2\/posts\/22149","targetHints":{"allow":["GET"]}}],"collection":[{"href":"https:\/\/blog.blackandwhiteandcolours.de\/index.php?rest_route=\/wp\/v2\/posts"}],"about":[{"href":"https:\/\/blog.blackandwhiteandcolours.de\/index.php?rest_route=\/wp\/v2\/types\/post"}],"author":[{"embeddable":true,"href":"https:\/\/blog.blackandwhiteandcolours.de\/index.php?rest_route=\/wp\/v2\/users\/1"}],"replies":[{"embeddable":true,"href":"https:\/\/blog.blackandwhiteandcolours.de\/index.php?rest_route=%2Fwp%2Fv2%2Fcomments&post=22149"}],"version-history":[{"count":1,"href":"https:\/\/blog.blackandwhiteandcolours.de\/index.php?rest_route=\/wp\/v2\/posts\/22149\/revisions"}],"predecessor-version":[{"id":22151,"href":"https:\/\/blog.blackandwhiteandcolours.de\/index.php?rest_route=\/wp\/v2\/posts\/22149\/revisions\/22151"}],"wp:featuredmedia":[{"embeddable":true,"href":"https:\/\/blog.blackandwhiteandcolours.de\/index.php?rest_route=\/wp\/v2\/media\/22150"}],"wp:attachment":[{"href":"https:\/\/blog.blackandwhiteandcolours.de\/index.php?rest_route=%2Fwp%2Fv2%2Fmedia&parent=22149"}],"wp:term":[{"taxonomy":"category","embeddable":true,"href":"https:\/\/blog.blackandwhiteandcolours.de\/index.php?rest_route=%2Fwp%2Fv2%2Fcategories&post=22149"},{"taxonomy":"post_tag","embeddable":true,"href":"https:\/\/blog.blackandwhiteandcolours.de\/index.php?rest_route=%2Fwp%2Fv2%2Ftags&post=22149"}],"curies":[{"name":"wp","href":"https:\/\/api.w.org\/{rel}","templated":true}]}}